{"id":13139,"date":"2020-02-26T18:33:17","date_gmt":"2020-02-26T17:33:17","guid":{"rendered":"https:\/\/radonpro.dk\/?p=13139"},"modified":"2021-03-19T13:02:16","modified_gmt":"2021-03-19T12:02:16","slug":"radon-toer-du-leve-med-uvisheden","status":"publish","type":"post","link":"https:\/\/radonpro.dk\/en\/radon-toer-du-leve-med-uvisheden\/","title":{"rendered":"Radon t\u00f8r du leve med uvisheden"},"content":{"rendered":"<h1><span style=\"font-weight: 400;\">Radon \u2013 t\u00f8r du leve med uvisheden?<br \/>\n<\/span><\/h1>\n<p><span style=\"font-weight: 400;\">Radon t\u00f8r du leve med uvisheden &#8211; F\u00e5 unders\u00f8gt radonniveauerne i bolig og p\u00e5 arbejdsplads, s\u00e5 de kan reduceres til Sundhedsstyrelsens anbefalinger. <\/span><span style=\"font-weight: 400;\">Sundhedsstyrelsen har sat en \u00f8vre gr\u00e6nsev\u00e6rdi for indeklimaets radonniveau p\u00e5 100 Bq\/m<\/span><span style=\"font-weight: 400;\">3<\/span><span style=\"font-weight: 400;\">. Det vil sige, at alle niveauer over 100 Bq\/m<\/span><span style=\"font-weight: 400;\">3<\/span><span style=\"font-weight: 400;\"> b\u00f8r s\u00e6nkes for dit helbreds skyld.<\/span><\/p>\n<p><span style=\"font-weight: 400;\">Radonniveauerne m\u00e5les i Becquerel. Er indholdet af Radon fx m\u00e5lt til 10 Bq\/m<\/span><span style=\"font-weight: 400;\">3<\/span><span style=\"font-weight: 400;\"> udsendes der radioaktiv str\u00e5ling fra 10 radonatomer i hver kubikmeter luft hvert sekund.<\/span><\/p>\n<p><b>F\u00e5 m\u00e5lt og sikret dig og din familie<\/b><\/p>\n<p><span style=\"font-weight: 400;\">Radon er en radioaktiv gas, som findes naturligt i undergrunden. Radon kan ikke ses, lugtes eller smages og fremkalder ikke bivirkninger, man kan f\u00f8le med det samme. Alligevel ber\u00f8rer Radon mange danskere.<\/span><\/p>\n<p><span style=\"font-weight: 400;\">Landsd\u00e6kkende unders\u00f8gelser tyder p\u00e5, at 350.000 huse i Danmark har et for h\u00f8jt radonniveau i indeklimaet. Langt st\u00f8rstedelen af de udsatte huse er enfamiliehuse, r\u00e6kkehuse eller k\u00e6dehuse.<\/span><\/p>\n<p><span style=\"font-weight: 400;\">Radonniveauer er IKKE station\u00e6re og \u00e6ndrer sig fra dag til dag afh\u00e6ngig af bl.a. vejr og \u00e5rstider.<\/span><span style=\"font-weight: 400;\"><br \/>\n<\/span><span style=\"font-weight: 400;\">Vi anbefaler at m\u00e5le hele \u00e5ret, men som minimum 2 gange \u00e5rligt.<\/span><\/p>\n<p><b>Radon m\u00e5les nemt og pr\u00e6cist<\/b><\/p>\n<p><span style=\"font-weight: 400;\">Med radonm\u00e5lere \u2013 enten som sporfilm eller elektronisk radonm\u00e5ler kan du altid have kontrol over dit radonniveau \u2013 \u00e5ret rundt.<\/span><\/p>\n<p><b>Hvem har ansvaret?<\/b><\/p>\n<p><span style=\"font-weight: 400;\">Er du boligejer \u2013 du har ansvaret.<\/span><span style=\"font-weight: 400;\"><br \/>\n<\/span><span style=\"font-weight: 400;\">Er du lejer \u2013 din udlejer har ansvaret.<\/span><span style=\"font-weight: 400;\"><br \/>\n<\/span><span style=\"font-weight: 400;\">P\u00e5 arbejdspladsen \u2013 din arbejdsgiver har ansvaret.<\/span><\/p>\n<p><b>Hvem kan hj\u00e6lpe?<\/b><\/p>\n<p><span style=\"font-weight: 400;\">Du kan kontakte en Radon Pro Partner, der kan r\u00e5dgive og give tilbud p\u00e5 at g\u00f8re dit indeklima radonfrit.<\/span><\/p>\n<p><a href=\"https:\/\/radonpro.dk\/en\/find-radon-pro-partner\/\"><span style=\"font-weight: 400;\">Hj\u00e6lpen er kun f\u00e5 klik v\u00e6k<\/span><\/a><\/p>\n<p>&nbsp;<\/p>","protected":false},"excerpt":{"rendered":"<p>Radon \u2013 t\u00f8r du leve med uvisheden? Radon t\u00f8r du leve med uvisheden &#8211; F\u00e5 unders\u00f8gt radonniveauerne i bolig og p\u00e5 arbejdsplads, s\u00e5 de kan reduceres til Sundhedsstyrelsens anbefalinger. Sundhedsstyrelsen har sat en \u00f8vre gr\u00e6nsev\u00e6rdi for indeklimaets radonniveau p\u00e5 100<\/p>","protected":false},"author":1,"featured_media":13299,"comment_status":"closed","ping_status":"closed","sticky":false,"template":"","format":"standard","meta":{"content-type":"","_monsterinsights_skip_tracking":false,"_monsterinsights_sitenote_active":false,"_monsterinsights_sitenote_note":"","_monsterinsights_sitenote_category":0,"footnotes":""},"categories":[247,248,244,246],"tags":[],"class_list":["post-13139","post","type-post","status-publish","format-standard","has-post-thumbnail","hentry","category-indeklima","category-radon-maaling","category-radon-og-bolig","category-radon-problemer"],"yoast_head":"<!-- This site is optimized with the Yoast SEO plugin v27.5 - https:\/\/yoast.com\/product\/yoast-seo-wordpress\/ -->\n<title>Radon t\u00f8r du leve med uvisheden - Radon Pro<\/title>\n<meta name=\"description\" content=\"Radon t\u00f8r du leve med uvisheden. F\u00e5 unders\u00f8gt Radonniveauerne i bolig og p\u00e5 arbejdsplads, s\u00e5 de kan reduceres til Sundhedsstyrelsens anbefalinger.\" \/>\n<meta name=\"robots\" content=\"index, follow, max-snippet:-1, max-image-preview:large, max-video-preview:-1\" \/>\n<link rel=\"canonical\" href=\"https:\/\/radonpro.dk\/en\/radon-toer-du-leve-med-uvisheden\/\" \/>\n<meta property=\"og:locale\" content=\"en_US\" \/>\n<meta property=\"og:type\" content=\"article\" \/>\n<meta property=\"og:title\" content=\"Radon t\u00f8r du leve med uvisheden - Radon Pro\" \/>\n<meta property=\"og:description\" content=\"Radon t\u00f8r du leve med uvisheden. F\u00e5 unders\u00f8gt Radonniveauerne i bolig og p\u00e5 arbejdsplads, s\u00e5 de kan reduceres til Sundhedsstyrelsens anbefalinger.\" \/>\n<meta property=\"og:url\" content=\"https:\/\/radonpro.dk\/en\/radon-toer-du-leve-med-uvisheden\/\" \/>\n<meta property=\"og:site_name\" content=\"Radon Pro\" \/>\n<meta property=\"article:published_time\" content=\"2020-02-26T17:33:17+00:00\" \/>\n<meta property=\"article:modified_time\" content=\"2021-03-19T12:02:16+00:00\" \/>\n<meta property=\"og:image\" content=\"https:\/\/radonpro.dk\/wp-content\/uploads\/RadonDenmark-scaled.jpg\" \/>\n\t<meta property=\"og:image:width\" content=\"2560\" \/>\n\t<meta property=\"og:image:height\" content=\"1707\" \/>\n\t<meta property=\"og:image:type\" content=\"image\/jpeg\" \/>\n<meta name=\"author\" content=\"proadmin\" \/>\n<meta name=\"twitter:card\" content=\"summary_large_image\" \/>\n<meta name=\"twitter:label1\" content=\"Written by\" \/>\n\t<meta name=\"twitter:data1\" content=\"proadmin\" \/>\n\t<meta name=\"twitter:label2\" content=\"Est. reading time\" \/>\n\t<meta name=\"twitter:data2\" content=\"2 minutes\" \/>\n<script type=\"application\/ld+json\" class=\"yoast-schema-graph\">{\"@context\":\"https:\\\/\\\/schema.org\",\"@graph\":[{\"@type\":\"Article\",\"@id\":\"https:\\\/\\\/radonpro.dk\\\/radon-toer-du-leve-med-uvisheden\\\/#article\",\"isPartOf\":{\"@id\":\"https:\\\/\\\/radonpro.dk\\\/radon-toer-du-leve-med-uvisheden\\\/\"},\"author\":{\"name\":\"proadmin\",\"@id\":\"https:\\\/\\\/radonpro.dk\\\/en\\\/#\\\/schema\\\/person\\\/860b171699b784d959dec74e84712700\"},\"headline\":\"Radon t\u00f8r du leve med uvisheden\",\"datePublished\":\"2020-02-26T17:33:17+00:00\",\"dateModified\":\"2021-03-19T12:02:16+00:00\",\"mainEntityOfPage\":{\"@id\":\"https:\\\/\\\/radonpro.dk\\\/radon-toer-du-leve-med-uvisheden\\\/\"},\"wordCount\":287,\"publisher\":{\"@id\":\"https:\\\/\\\/radonpro.dk\\\/en\\\/#organization\"},\"image\":{\"@id\":\"https:\\\/\\\/radonpro.dk\\\/radon-toer-du-leve-med-uvisheden\\\/#primaryimage\"},\"thumbnailUrl\":\"https:\\\/\\\/radonpro.dk\\\/wp-content\\\/uploads\\\/RadonDenmark-scaled.jpg\",\"articleSection\":[\"Indeklima\",\"Radon m\u00e5ling\",\"Radon og bolig\",\"radon-problemer\"],\"inLanguage\":\"en-US\"},{\"@type\":\"WebPage\",\"@id\":\"https:\\\/\\\/radonpro.dk\\\/radon-toer-du-leve-med-uvisheden\\\/\",\"url\":\"https:\\\/\\\/radonpro.dk\\\/radon-toer-du-leve-med-uvisheden\\\/\",\"name\":\"Radon t\u00f8r du leve med uvisheden - Radon Pro\",\"isPartOf\":{\"@id\":\"https:\\\/\\\/radonpro.dk\\\/en\\\/#website\"},\"primaryImageOfPage\":{\"@id\":\"https:\\\/\\\/radonpro.dk\\\/radon-toer-du-leve-med-uvisheden\\\/#primaryimage\"},\"image\":{\"@id\":\"https:\\\/\\\/radonpro.dk\\\/radon-toer-du-leve-med-uvisheden\\\/#primaryimage\"},\"thumbnailUrl\":\"https:\\\/\\\/radonpro.dk\\\/wp-content\\\/uploads\\\/RadonDenmark-scaled.jpg\",\"datePublished\":\"2020-02-26T17:33:17+00:00\",\"dateModified\":\"2021-03-19T12:02:16+00:00\",\"description\":\"Radon t\u00f8r du leve med uvisheden. F\u00e5 unders\u00f8gt Radonniveauerne i bolig og p\u00e5 arbejdsplads, s\u00e5 de kan reduceres til Sundhedsstyrelsens anbefalinger.\",\"breadcrumb\":{\"@id\":\"https:\\\/\\\/radonpro.dk\\\/radon-toer-du-leve-med-uvisheden\\\/#breadcrumb\"},\"inLanguage\":\"en-US\",\"potentialAction\":[{\"@type\":\"ReadAction\",\"target\":[\"https:\\\/\\\/radonpro.dk\\\/radon-toer-du-leve-med-uvisheden\\\/\"]}]},{\"@type\":\"ImageObject\",\"inLanguage\":\"en-US\",\"@id\":\"https:\\\/\\\/radonpro.dk\\\/radon-toer-du-leve-med-uvisheden\\\/#primaryimage\",\"url\":\"https:\\\/\\\/radonpro.dk\\\/wp-content\\\/uploads\\\/RadonDenmark-scaled.jpg\",\"contentUrl\":\"https:\\\/\\\/radonpro.dk\\\/wp-content\\\/uploads\\\/RadonDenmark-scaled.jpg\",\"width\":2560,\"height\":1707,\"caption\":\"Uvished\"},{\"@type\":\"BreadcrumbList\",\"@id\":\"https:\\\/\\\/radonpro.dk\\\/radon-toer-du-leve-med-uvisheden\\\/#breadcrumb\",\"itemListElement\":[{\"@type\":\"ListItem\",\"position\":1,\"name\":\"Hjem\",\"item\":\"https:\\\/\\\/radonpro.dk\\\/\"},{\"@type\":\"ListItem\",\"position\":2,\"name\":\"Radon t\u00f8r du leve med uvisheden\"}]},{\"@type\":\"WebSite\",\"@id\":\"https:\\\/\\\/radonpro.dk\\\/en\\\/#website\",\"url\":\"https:\\\/\\\/radonpro.dk\\\/en\\\/\",\"name\":\"Radon Pro\",\"description\":\"Radon Pro\",\"publisher\":{\"@id\":\"https:\\\/\\\/radonpro.dk\\\/en\\\/#organization\"},\"potentialAction\":[{\"@type\":\"SearchAction\",\"target\":{\"@type\":\"EntryPoint\",\"urlTemplate\":\"https:\\\/\\\/radonpro.dk\\\/en\\\/?s={search_term_string}\"},\"query-input\":{\"@type\":\"PropertyValueSpecification\",\"valueRequired\":true,\"valueName\":\"search_term_string\"}}],\"inLanguage\":\"en-US\"},{\"@type\":\"Organization\",\"@id\":\"https:\\\/\\\/radonpro.dk\\\/en\\\/#organization\",\"name\":\"Radon Pro\",\"url\":\"https:\\\/\\\/radonpro.dk\\\/en\\\/\",\"logo\":{\"@type\":\"ImageObject\",\"inLanguage\":\"en-US\",\"@id\":\"https:\\\/\\\/radonpro.dk\\\/en\\\/#\\\/schema\\\/logo\\\/image\\\/\",\"url\":\"\",\"contentUrl\":\"\",\"caption\":\"Radon Pro\"},\"image\":{\"@id\":\"https:\\\/\\\/radonpro.dk\\\/en\\\/#\\\/schema\\\/logo\\\/image\\\/\"}},{\"@type\":\"Person\",\"@id\":\"https:\\\/\\\/radonpro.dk\\\/en\\\/#\\\/schema\\\/person\\\/860b171699b784d959dec74e84712700\",\"name\":\"proadmin\",\"url\":\"https:\\\/\\\/radonpro.dk\\\/en\\\/author\\\/proadmin\\\/\"}]}<\/script>\n<!-- \/ Yoast SEO plugin. -->","yoast_head_json":{"title":"Radon t\u00f8r du leve med uvisheden - Radon Pro","description":"Radon t\u00f8r du leve med uvisheden. F\u00e5 unders\u00f8gt Radonniveauerne i bolig og p\u00e5 arbejdsplads, s\u00e5 de kan reduceres til Sundhedsstyrelsens anbefalinger.","robots":{"index":"index","follow":"follow","max-snippet":"max-snippet:-1","max-image-preview":"max-image-preview:large","max-video-preview":"max-video-preview:-1"},"canonical":"https:\/\/radonpro.dk\/en\/radon-toer-du-leve-med-uvisheden\/","og_locale":"en_US","og_type":"article","og_title":"Radon t\u00f8r du leve med uvisheden - Radon Pro","og_description":"Radon t\u00f8r du leve med uvisheden. F\u00e5 unders\u00f8gt Radonniveauerne i bolig og p\u00e5 arbejdsplads, s\u00e5 de kan reduceres til Sundhedsstyrelsens anbefalinger.","og_url":"https:\/\/radonpro.dk\/en\/radon-toer-du-leve-med-uvisheden\/","og_site_name":"Radon Pro","article_published_time":"2020-02-26T17:33:17+00:00","article_modified_time":"2021-03-19T12:02:16+00:00","og_image":[{"width":2560,"height":1707,"url":"https:\/\/radonpro.dk\/wp-content\/uploads\/RadonDenmark-scaled.jpg","type":"image\/jpeg"}],"author":"proadmin","twitter_card":"summary_large_image","twitter_misc":{"Written by":"proadmin","Est. reading time":"2 minutes"},"schema":{"@context":"https:\/\/schema.org","@graph":[{"@type":"Article","@id":"https:\/\/radonpro.dk\/radon-toer-du-leve-med-uvisheden\/#article","isPartOf":{"@id":"https:\/\/radonpro.dk\/radon-toer-du-leve-med-uvisheden\/"},"author":{"name":"proadmin","@id":"https:\/\/radonpro.dk\/en\/#\/schema\/person\/860b171699b784d959dec74e84712700"},"headline":"Radon t\u00f8r du leve med uvisheden","datePublished":"2020-02-26T17:33:17+00:00","dateModified":"2021-03-19T12:02:16+00:00","mainEntityOfPage":{"@id":"https:\/\/radonpro.dk\/radon-toer-du-leve-med-uvisheden\/"},"wordCount":287,"publisher":{"@id":"https:\/\/radonpro.dk\/en\/#organization"},"image":{"@id":"https:\/\/radonpro.dk\/radon-toer-du-leve-med-uvisheden\/#primaryimage"},"thumbnailUrl":"https:\/\/radonpro.dk\/wp-content\/uploads\/RadonDenmark-scaled.jpg","articleSection":["Indeklima","Radon m\u00e5ling","Radon og bolig","radon-problemer"],"inLanguage":"en-US"},{"@type":"WebPage","@id":"https:\/\/radonpro.dk\/radon-toer-du-leve-med-uvisheden\/","url":"https:\/\/radonpro.dk\/radon-toer-du-leve-med-uvisheden\/","name":"Radon t\u00f8r du leve med uvisheden - Radon Pro","isPartOf":{"@id":"https:\/\/radonpro.dk\/en\/#website"},"primaryImageOfPage":{"@id":"https:\/\/radonpro.dk\/radon-toer-du-leve-med-uvisheden\/#primaryimage"},"image":{"@id":"https:\/\/radonpro.dk\/radon-toer-du-leve-med-uvisheden\/#primaryimage"},"thumbnailUrl":"https:\/\/radonpro.dk\/wp-content\/uploads\/RadonDenmark-scaled.jpg","datePublished":"2020-02-26T17:33:17+00:00","dateModified":"2021-03-19T12:02:16+00:00","description":"Radon t\u00f8r du leve med uvisheden. F\u00e5 unders\u00f8gt Radonniveauerne i bolig og p\u00e5 arbejdsplads, s\u00e5 de kan reduceres til Sundhedsstyrelsens anbefalinger.","breadcrumb":{"@id":"https:\/\/radonpro.dk\/radon-toer-du-leve-med-uvisheden\/#breadcrumb"},"inLanguage":"en-US","potentialAction":[{"@type":"ReadAction","target":["https:\/\/radonpro.dk\/radon-toer-du-leve-med-uvisheden\/"]}]},{"@type":"ImageObject","inLanguage":"en-US","@id":"https:\/\/radonpro.dk\/radon-toer-du-leve-med-uvisheden\/#primaryimage","url":"https:\/\/radonpro.dk\/wp-content\/uploads\/RadonDenmark-scaled.jpg","contentUrl":"https:\/\/radonpro.dk\/wp-content\/uploads\/RadonDenmark-scaled.jpg","width":2560,"height":1707,"caption":"Uvished"},{"@type":"BreadcrumbList","@id":"https:\/\/radonpro.dk\/radon-toer-du-leve-med-uvisheden\/#breadcrumb","itemListElement":[{"@type":"ListItem","position":1,"name":"Hjem","item":"https:\/\/radonpro.dk\/"},{"@type":"ListItem","position":2,"name":"Radon t\u00f8r du leve med uvisheden"}]},{"@type":"WebSite","@id":"https:\/\/radonpro.dk\/en\/#website","url":"https:\/\/radonpro.dk\/en\/","name":"Radon Pro","description":"Radon Pro","publisher":{"@id":"https:\/\/radonpro.dk\/en\/#organization"},"potentialAction":[{"@type":"SearchAction","target":{"@type":"EntryPoint","urlTemplate":"https:\/\/radonpro.dk\/en\/?s={search_term_string}"},"query-input":{"@type":"PropertyValueSpecification","valueRequired":true,"valueName":"search_term_string"}}],"inLanguage":"en-US"},{"@type":"Organization","@id":"https:\/\/radonpro.dk\/en\/#organization","name":"Radon Pro","url":"https:\/\/radonpro.dk\/en\/","logo":{"@type":"ImageObject","inLanguage":"en-US","@id":"https:\/\/radonpro.dk\/en\/#\/schema\/logo\/image\/","url":"","contentUrl":"","caption":"Radon Pro"},"image":{"@id":"https:\/\/radonpro.dk\/en\/#\/schema\/logo\/image\/"}},{"@type":"Person","@id":"https:\/\/radonpro.dk\/en\/#\/schema\/person\/860b171699b784d959dec74e84712700","name":"proadmin","url":"https:\/\/radonpro.dk\/en\/author\/proadmin\/"}]}},"_links":{"self":[{"href":"https:\/\/radonpro.dk\/en\/wp-json\/wp\/v2\/posts\/13139","targetHints":{"allow":["GET"]}}],"collection":[{"href":"https:\/\/radonpro.dk\/en\/wp-json\/wp\/v2\/posts"}],"about":[{"href":"https:\/\/radonpro.dk\/en\/wp-json\/wp\/v2\/types\/post"}],"author":[{"embeddable":true,"href":"https:\/\/radonpro.dk\/en\/wp-json\/wp\/v2\/users\/1"}],"replies":[{"embeddable":true,"href":"https:\/\/radonpro.dk\/en\/wp-json\/wp\/v2\/comments?post=13139"}],"version-history":[{"count":3,"href":"https:\/\/radonpro.dk\/en\/wp-json\/wp\/v2\/posts\/13139\/revisions"}],"predecessor-version":[{"id":13744,"href":"https:\/\/radonpro.dk\/en\/wp-json\/wp\/v2\/posts\/13139\/revisions\/13744"}],"wp:featuredmedia":[{"embeddable":true,"href":"https:\/\/radonpro.dk\/en\/wp-json\/wp\/v2\/media\/13299"}],"wp:attachment":[{"href":"https:\/\/radonpro.dk\/en\/wp-json\/wp\/v2\/media?parent=13139"}],"wp:term":[{"taxonomy":"category","embeddable":true,"href":"https:\/\/radonpro.dk\/en\/wp-json\/wp\/v2\/categories?post=13139"},{"taxonomy":"post_tag","embeddable":true,"href":"https:\/\/radonpro.dk\/en\/wp-json\/wp\/v2\/tags?post=13139"}],"curies":[{"name":"wp","href":"https:\/\/api.w.org\/{rel}","templated":true}]}}