{"id":13014,"date":"2020-02-21T23:33:04","date_gmt":"2020-02-21T22:33:04","guid":{"rendered":"https:\/\/radonpro.dk\/?p=13014"},"modified":"2021-03-19T13:10:40","modified_gmt":"2021-03-19T12:10:40","slug":"fokus-paa-et-sundt-indeklima","status":"publish","type":"post","link":"https:\/\/radonpro.dk\/en\/fokus-paa-et-sundt-indeklima\/","title":{"rendered":"Fokus p\u00e5 et sundt indeklima"},"content":{"rendered":"<p><span style=\"font-weight: 400;\">Radon er en naturlig, radioaktiv gas, der er helt usynlig og lugtfri. Radon i inde luften \u00f8ger risikoen for lungekr\u00e6ft og er en \u00e5rligt bidragende \u00e5rsag til omkring 350 d\u00f8dsfald. S\u00e5 fokus p\u00e5 et sundt indeklima er vigtigt.<\/span><\/p>\n<p><span style=\"font-weight: 400;\">Radonm\u00e5ling b\u00f8r derfor udf\u00f8res i f\u00f8lgende situationer:<\/span><\/p>\n<h4><strong>Ikke tidligere m\u00e5lt Radon<\/strong><\/h4>\n<p><span style=\"font-weight: 400;\">Hvis du ikke har udf\u00f8rt radonm\u00e5ling i dit hjem, skal du v\u00e6re opm\u00e6rksom p\u00e5, at n\u00e6sten hele Danmark er udsat for str\u00e5ling og for h\u00f8je radonniveauer m\u00e5les over hele landet.\u00a0<\/span><span style=\"font-weight: 400;\"><br \/>\n<\/span><span style=\"font-weight: 400;\">De tilg\u00e6ngelige Radonkort er ikke detaljerede nok til at rydde nogle omr\u00e5der &#8211; de siger bare noget om, hvilke omr\u00e5der der er s\u00e6rlig s\u00e5rbare. Variationerne i radonstr\u00e5ling kan v\u00e6re store, selv for boliger i samme omr\u00e5der. Det anbefales derfor, at alle udf\u00f8rer radonm\u00e5linger.<\/span><\/p>\n<h4><b>L\u00e6nge siden den sidste radonm\u00e5ling<\/b><\/h4>\n<p><span style=\"font-weight: 400;\">Hvis der tidligere er fundet radonv\u00e6rdier i den \u00f8vre ende, er det ok at m\u00e5le med regelm\u00e6ssige intervaller for at kontrollere, at der ikke er sket \u00e6ndringer over tid.\u00a0<\/span><span style=\"font-weight: 400;\"><br \/>\n<\/span><span style=\"font-weight: 400;\">Hvis du har renoveret eller bygget om siden den sidste radonm\u00e5ling, skal du ogs\u00e5 foretage en kontrolm\u00e5ling. Dette g\u00e6lder ogs\u00e5, hvis det er blevet bygget, gravet, udstykket elle lignende i n\u00e6romr\u00e5det, Dette kan v\u00e6re medvirkende til \u00e6ndringer i dine jordforhold eller bygningsmasse.<\/span><\/p>\n<h4><b>Radonm\u00e5ling i fremtiden<\/b><\/h4>\n<p><span style=\"font-weight: 400;\">Har du tidligere m\u00e5lt forh\u00f8jet radonniveau i dit hjem og f\u00e5et lavet forbedrende<\/span><span style=\"font-weight: 400;\"><br \/>\n<\/span><span style=\"font-weight: 400;\">foranstaltninger?\u00a0S\u00e5 skal du foretage et check &#8211; for at kontrollere, at foranstaltningerne faktisk fungerer.\u00a0Derefter kan det v\u00e6re fornuftigt at f\u00f8lge op med m\u00e5linger hvert 2.-3. \u00e5r eller mere &#8211; for at sikre, at foranstaltninger stadig fungerer og at der ikke er andre forhold der har \u00e6ndret niveauerne i boligen.<\/span><span style=\"font-weight: 400;\"><br \/>\n<\/span><\/p>\n<p><span style=\"font-weight: 400;\">P\u00e5 den anden side, hvis tidligere m\u00e5linger har vist stabile lave radonniveauer i hjemmet, kan du m\u00e5le sj\u00e6ldnere end dette. <\/span><span style=\"font-weight: 400;\"><br \/>\n<\/span><span style=\"font-weight: 400;\">Men husk at radonniveauer <\/span><b>Ikke <\/b><span style=\"font-weight: 400;\">er station\u00e6re og \u00e6ndrer sig dag for dag afh\u00e6ngig af b.la. vejrforhold og \u00e5rstiderne.<\/span><\/p>\n<h4><b>Det er nemt at m\u00e5le Radon selv<\/b><\/h4>\n<p><span style=\"font-weight: 400;\">Du kan bestille sporfilm og elektroniske radonm\u00e5lere hos Radon pro.dk.\u00a0Derefter kan du nemt gennemf\u00f8re m\u00e5lingen selv.\u00a0Efter m\u00e5lingen sender du sporfilmene i posten &#8211; og modtager resultatet kort efter. M\u00e5ling med afsluttende rapport kan ogs\u00e5 bestilles hos Radon Pro.dk<br \/>\n<\/span><\/p>\n<p><a href=\"https:\/\/radonpro.dk\/en\/radon-maaling-i-danmark-og-hvor-er-du-mest-udsat\/\">Her mere omkring &#8220;Radon m\u00e5ling i Danmark, og hvor er du mest udsat&#8221;<\/a><\/p>\n<p><b>NB! Hvis du lejer en bolig eller lejlighed, er det din udlejer, der er forpligtet til at udf\u00f8re radonm\u00e5linger og dokumentere, at radonniveauet opfylder gr\u00e6nsev\u00e6rdierne i henhold til g\u00e6ldende lovgivning. Udlejer er ansvarlig for et sundt indeklima.<\/b><\/p>\n<p><b><\/b><b>Husk ogs\u00e5, at din arbejdsgiver er forpligtet til at udf\u00f8re radonm\u00e5linger og dokumentere, at radonniveauet p\u00e5 din arbejdsplads opfylder gr\u00e6nsev\u00e6rdierne i henhold til g\u00e6ldende lovgivning.<\/b><\/p>\n<p><span style=\"font-weight: 400;\">Radon Pro Partner tilbyder m\u00e5linger og m\u00e5lerapporter.<\/span><span style=\"font-weight: 400;\"><br \/>\n<\/span><span style=\"font-weight: 400;\">Skulle der v\u00e6re forh\u00f8jet radonniveau giver Radon Pro Partner altid et gratis og uforpligtende tilbud p\u00e5, hvad der skal til for f\u00e5 et radonfrit indeklima.<\/span><\/p>\n<p><a href=\"https:\/\/www.bolius.dk\/10-gode-raad-om-indeklima-16475\"><span style=\"font-weight: 400;\">Godt indeklima: 10 enkle r\u00e5d<\/span><\/a><\/p>","protected":false},"excerpt":{"rendered":"<p>Radon er en naturlig, radioaktiv gas, der er helt usynlig og lugtfri. Radon i inde luften \u00f8ger risikoen for lungekr\u00e6ft og er en \u00e5rligt bidragende \u00e5rsag til omkring 350 d\u00f8dsfald. S\u00e5 fokus p\u00e5 et sundt indeklima er vigtigt. Radonm\u00e5ling b\u00f8r<\/p>","protected":false},"author":12,"featured_media":13298,"comment_status":"closed","ping_status":"closed","sticky":false,"template":"","format":"standard","meta":{"content-type":"","_monsterinsights_skip_tracking":false,"_monsterinsights_sitenote_active":false,"_monsterinsights_sitenote_note":"","_monsterinsights_sitenote_category":0,"footnotes":""},"categories":[247,245],"tags":[],"class_list":["post-13014","post","type-post","status-publish","format-standard","has-post-thumbnail","hentry","category-indeklima","category-sundhedsskadelig"],"yoast_head":"<!-- This site is optimized with the Yoast SEO plugin v27.4 - https:\/\/yoast.com\/product\/yoast-seo-wordpress\/ -->\n<title>Fokus p\u00e5 et sundt indeklima - Radon Pro<\/title>\n<meta name=\"description\" content=\"Radon er en naturlig, radioaktiv gas.\u00a0Radon i luften \u00f8ger risikoen for lungekr\u00e6ft og er en \u00e5rligt \u00e5rsag til omkring 350 d\u00f8dsfald. Fokus sundt indeklima\" \/>\n<meta name=\"robots\" content=\"index, follow, max-snippet:-1, max-image-preview:large, max-video-preview:-1\" \/>\n<link rel=\"canonical\" href=\"https:\/\/radonpro.dk\/en\/fokus-paa-et-sundt-indeklima\/\" \/>\n<meta property=\"og:locale\" content=\"en_US\" \/>\n<meta property=\"og:type\" content=\"article\" \/>\n<meta property=\"og:title\" content=\"Fokus p\u00e5 et sundt indeklima - Radon Pro\" \/>\n<meta property=\"og:description\" content=\"Radon er en naturlig, radioaktiv gas.\u00a0Radon i luften \u00f8ger risikoen for lungekr\u00e6ft og er en \u00e5rligt \u00e5rsag til omkring 350 d\u00f8dsfald. Fokus sundt indeklima\" \/>\n<meta property=\"og:url\" content=\"https:\/\/radonpro.dk\/en\/fokus-paa-et-sundt-indeklima\/\" \/>\n<meta property=\"og:site_name\" content=\"Radon Pro\" \/>\n<meta property=\"article:published_time\" content=\"2020-02-21T22:33:04+00:00\" \/>\n<meta property=\"article:modified_time\" content=\"2021-03-19T12:10:40+00:00\" \/>\n<meta property=\"og:image\" content=\"https:\/\/radonpro.dk\/wp-content\/uploads\/RadonPro_radonsikring-scaled.jpg\" \/>\n\t<meta property=\"og:image:width\" content=\"2560\" \/>\n\t<meta property=\"og:image:height\" content=\"1709\" \/>\n\t<meta property=\"og:image:type\" content=\"image\/jpeg\" \/>\n<meta name=\"author\" content=\"J\u00f8rn Br\u00e4uner\" \/>\n<meta name=\"twitter:card\" content=\"summary_large_image\" \/>\n<meta name=\"twitter:label1\" content=\"Written by\" \/>\n\t<meta name=\"twitter:data1\" content=\"J\u00f8rn Br\u00e4uner\" \/>\n\t<meta name=\"twitter:label2\" content=\"Est. reading time\" \/>\n\t<meta name=\"twitter:data2\" content=\"3 minutes\" \/>\n<script type=\"application\/ld+json\" class=\"yoast-schema-graph\">{\"@context\":\"https:\\\/\\\/schema.org\",\"@graph\":[{\"@type\":\"Article\",\"@id\":\"https:\\\/\\\/radonpro.dk\\\/fokus-paa-et-sundt-indeklima\\\/#article\",\"isPartOf\":{\"@id\":\"https:\\\/\\\/radonpro.dk\\\/fokus-paa-et-sundt-indeklima\\\/\"},\"author\":{\"name\":\"J\u00f8rn Br\u00e4uner\",\"@id\":\"https:\\\/\\\/radonpro.dk\\\/en\\\/#\\\/schema\\\/person\\\/cc1517b1a5dae46586ed85671551ad85\"},\"headline\":\"Fokus p\u00e5 et sundt indeklima\",\"datePublished\":\"2020-02-21T22:33:04+00:00\",\"dateModified\":\"2021-03-19T12:10:40+00:00\",\"mainEntityOfPage\":{\"@id\":\"https:\\\/\\\/radonpro.dk\\\/fokus-paa-et-sundt-indeklima\\\/\"},\"wordCount\":539,\"publisher\":{\"@id\":\"https:\\\/\\\/radonpro.dk\\\/en\\\/#organization\"},\"image\":{\"@id\":\"https:\\\/\\\/radonpro.dk\\\/fokus-paa-et-sundt-indeklima\\\/#primaryimage\"},\"thumbnailUrl\":\"https:\\\/\\\/radonpro.dk\\\/wp-content\\\/uploads\\\/RadonPro_radonsikring-scaled.jpg\",\"articleSection\":[\"Indeklima\",\"sundhedsskadelig\"],\"inLanguage\":\"en-US\"},{\"@type\":\"WebPage\",\"@id\":\"https:\\\/\\\/radonpro.dk\\\/fokus-paa-et-sundt-indeklima\\\/\",\"url\":\"https:\\\/\\\/radonpro.dk\\\/fokus-paa-et-sundt-indeklima\\\/\",\"name\":\"Fokus p\u00e5 et sundt indeklima - Radon Pro\",\"isPartOf\":{\"@id\":\"https:\\\/\\\/radonpro.dk\\\/en\\\/#website\"},\"primaryImageOfPage\":{\"@id\":\"https:\\\/\\\/radonpro.dk\\\/fokus-paa-et-sundt-indeklima\\\/#primaryimage\"},\"image\":{\"@id\":\"https:\\\/\\\/radonpro.dk\\\/fokus-paa-et-sundt-indeklima\\\/#primaryimage\"},\"thumbnailUrl\":\"https:\\\/\\\/radonpro.dk\\\/wp-content\\\/uploads\\\/RadonPro_radonsikring-scaled.jpg\",\"datePublished\":\"2020-02-21T22:33:04+00:00\",\"dateModified\":\"2021-03-19T12:10:40+00:00\",\"description\":\"Radon er en naturlig, radioaktiv gas.\u00a0Radon i luften \u00f8ger risikoen for lungekr\u00e6ft og er en \u00e5rligt \u00e5rsag til omkring 350 d\u00f8dsfald. Fokus sundt indeklima\",\"breadcrumb\":{\"@id\":\"https:\\\/\\\/radonpro.dk\\\/fokus-paa-et-sundt-indeklima\\\/#breadcrumb\"},\"inLanguage\":\"en-US\",\"potentialAction\":[{\"@type\":\"ReadAction\",\"target\":[\"https:\\\/\\\/radonpro.dk\\\/fokus-paa-et-sundt-indeklima\\\/\"]}]},{\"@type\":\"ImageObject\",\"inLanguage\":\"en-US\",\"@id\":\"https:\\\/\\\/radonpro.dk\\\/fokus-paa-et-sundt-indeklima\\\/#primaryimage\",\"url\":\"https:\\\/\\\/radonpro.dk\\\/wp-content\\\/uploads\\\/RadonPro_radonsikring-scaled.jpg\",\"contentUrl\":\"https:\\\/\\\/radonpro.dk\\\/wp-content\\\/uploads\\\/RadonPro_radonsikring-scaled.jpg\",\"width\":2560,\"height\":1709,\"caption\":\"Indeklima\"},{\"@type\":\"BreadcrumbList\",\"@id\":\"https:\\\/\\\/radonpro.dk\\\/fokus-paa-et-sundt-indeklima\\\/#breadcrumb\",\"itemListElement\":[{\"@type\":\"ListItem\",\"position\":1,\"name\":\"Hjem\",\"item\":\"https:\\\/\\\/radonpro.dk\\\/\"},{\"@type\":\"ListItem\",\"position\":2,\"name\":\"Fokus p\u00e5 et sundt indeklima\"}]},{\"@type\":\"WebSite\",\"@id\":\"https:\\\/\\\/radonpro.dk\\\/en\\\/#website\",\"url\":\"https:\\\/\\\/radonpro.dk\\\/en\\\/\",\"name\":\"Radon Pro\",\"description\":\"Radon Pro\",\"publisher\":{\"@id\":\"https:\\\/\\\/radonpro.dk\\\/en\\\/#organization\"},\"potentialAction\":[{\"@type\":\"SearchAction\",\"target\":{\"@type\":\"EntryPoint\",\"urlTemplate\":\"https:\\\/\\\/radonpro.dk\\\/en\\\/?s={search_term_string}\"},\"query-input\":{\"@type\":\"PropertyValueSpecification\",\"valueRequired\":true,\"valueName\":\"search_term_string\"}}],\"inLanguage\":\"en-US\"},{\"@type\":\"Organization\",\"@id\":\"https:\\\/\\\/radonpro.dk\\\/en\\\/#organization\",\"name\":\"Radon Pro\",\"url\":\"https:\\\/\\\/radonpro.dk\\\/en\\\/\",\"logo\":{\"@type\":\"ImageObject\",\"inLanguage\":\"en-US\",\"@id\":\"https:\\\/\\\/radonpro.dk\\\/en\\\/#\\\/schema\\\/logo\\\/image\\\/\",\"url\":\"\",\"contentUrl\":\"\",\"caption\":\"Radon Pro\"},\"image\":{\"@id\":\"https:\\\/\\\/radonpro.dk\\\/en\\\/#\\\/schema\\\/logo\\\/image\\\/\"}},{\"@type\":\"Person\",\"@id\":\"https:\\\/\\\/radonpro.dk\\\/en\\\/#\\\/schema\\\/person\\\/cc1517b1a5dae46586ed85671551ad85\",\"name\":\"J\u00f8rn Br\u00e4uner\",\"sameAs\":[\"http:\\\/\\\/nordicinbound\"],\"url\":\"https:\\\/\\\/radonpro.dk\\\/en\\\/author\\\/jbr\\\/\"}]}<\/script>\n<!-- \/ Yoast SEO plugin. -->","yoast_head_json":{"title":"Fokus p\u00e5 et sundt indeklima - Radon Pro","description":"Radon er en naturlig, radioaktiv gas.\u00a0Radon i luften \u00f8ger risikoen for lungekr\u00e6ft og er en \u00e5rligt \u00e5rsag til omkring 350 d\u00f8dsfald. Fokus sundt indeklima","robots":{"index":"index","follow":"follow","max-snippet":"max-snippet:-1","max-image-preview":"max-image-preview:large","max-video-preview":"max-video-preview:-1"},"canonical":"https:\/\/radonpro.dk\/en\/fokus-paa-et-sundt-indeklima\/","og_locale":"en_US","og_type":"article","og_title":"Fokus p\u00e5 et sundt indeklima - Radon Pro","og_description":"Radon er en naturlig, radioaktiv gas.\u00a0Radon i luften \u00f8ger risikoen for lungekr\u00e6ft og er en \u00e5rligt \u00e5rsag til omkring 350 d\u00f8dsfald. Fokus sundt indeklima","og_url":"https:\/\/radonpro.dk\/en\/fokus-paa-et-sundt-indeklima\/","og_site_name":"Radon Pro","article_published_time":"2020-02-21T22:33:04+00:00","article_modified_time":"2021-03-19T12:10:40+00:00","og_image":[{"width":2560,"height":1709,"url":"https:\/\/radonpro.dk\/wp-content\/uploads\/RadonPro_radonsikring-scaled.jpg","type":"image\/jpeg"}],"author":"J\u00f8rn Br\u00e4uner","twitter_card":"summary_large_image","twitter_misc":{"Written by":"J\u00f8rn Br\u00e4uner","Est. reading time":"3 minutes"},"schema":{"@context":"https:\/\/schema.org","@graph":[{"@type":"Article","@id":"https:\/\/radonpro.dk\/fokus-paa-et-sundt-indeklima\/#article","isPartOf":{"@id":"https:\/\/radonpro.dk\/fokus-paa-et-sundt-indeklima\/"},"author":{"name":"J\u00f8rn Br\u00e4uner","@id":"https:\/\/radonpro.dk\/en\/#\/schema\/person\/cc1517b1a5dae46586ed85671551ad85"},"headline":"Fokus p\u00e5 et sundt indeklima","datePublished":"2020-02-21T22:33:04+00:00","dateModified":"2021-03-19T12:10:40+00:00","mainEntityOfPage":{"@id":"https:\/\/radonpro.dk\/fokus-paa-et-sundt-indeklima\/"},"wordCount":539,"publisher":{"@id":"https:\/\/radonpro.dk\/en\/#organization"},"image":{"@id":"https:\/\/radonpro.dk\/fokus-paa-et-sundt-indeklima\/#primaryimage"},"thumbnailUrl":"https:\/\/radonpro.dk\/wp-content\/uploads\/RadonPro_radonsikring-scaled.jpg","articleSection":["Indeklima","sundhedsskadelig"],"inLanguage":"en-US"},{"@type":"WebPage","@id":"https:\/\/radonpro.dk\/fokus-paa-et-sundt-indeklima\/","url":"https:\/\/radonpro.dk\/fokus-paa-et-sundt-indeklima\/","name":"Fokus p\u00e5 et sundt indeklima - Radon Pro","isPartOf":{"@id":"https:\/\/radonpro.dk\/en\/#website"},"primaryImageOfPage":{"@id":"https:\/\/radonpro.dk\/fokus-paa-et-sundt-indeklima\/#primaryimage"},"image":{"@id":"https:\/\/radonpro.dk\/fokus-paa-et-sundt-indeklima\/#primaryimage"},"thumbnailUrl":"https:\/\/radonpro.dk\/wp-content\/uploads\/RadonPro_radonsikring-scaled.jpg","datePublished":"2020-02-21T22:33:04+00:00","dateModified":"2021-03-19T12:10:40+00:00","description":"Radon er en naturlig, radioaktiv gas.\u00a0Radon i luften \u00f8ger risikoen for lungekr\u00e6ft og er en \u00e5rligt \u00e5rsag til omkring 350 d\u00f8dsfald. Fokus sundt indeklima","breadcrumb":{"@id":"https:\/\/radonpro.dk\/fokus-paa-et-sundt-indeklima\/#breadcrumb"},"inLanguage":"en-US","potentialAction":[{"@type":"ReadAction","target":["https:\/\/radonpro.dk\/fokus-paa-et-sundt-indeklima\/"]}]},{"@type":"ImageObject","inLanguage":"en-US","@id":"https:\/\/radonpro.dk\/fokus-paa-et-sundt-indeklima\/#primaryimage","url":"https:\/\/radonpro.dk\/wp-content\/uploads\/RadonPro_radonsikring-scaled.jpg","contentUrl":"https:\/\/radonpro.dk\/wp-content\/uploads\/RadonPro_radonsikring-scaled.jpg","width":2560,"height":1709,"caption":"Indeklima"},{"@type":"BreadcrumbList","@id":"https:\/\/radonpro.dk\/fokus-paa-et-sundt-indeklima\/#breadcrumb","itemListElement":[{"@type":"ListItem","position":1,"name":"Hjem","item":"https:\/\/radonpro.dk\/"},{"@type":"ListItem","position":2,"name":"Fokus p\u00e5 et sundt indeklima"}]},{"@type":"WebSite","@id":"https:\/\/radonpro.dk\/en\/#website","url":"https:\/\/radonpro.dk\/en\/","name":"Radon Pro","description":"Radon Pro","publisher":{"@id":"https:\/\/radonpro.dk\/en\/#organization"},"potentialAction":[{"@type":"SearchAction","target":{"@type":"EntryPoint","urlTemplate":"https:\/\/radonpro.dk\/en\/?s={search_term_string}"},"query-input":{"@type":"PropertyValueSpecification","valueRequired":true,"valueName":"search_term_string"}}],"inLanguage":"en-US"},{"@type":"Organization","@id":"https:\/\/radonpro.dk\/en\/#organization","name":"Radon Pro","url":"https:\/\/radonpro.dk\/en\/","logo":{"@type":"ImageObject","inLanguage":"en-US","@id":"https:\/\/radonpro.dk\/en\/#\/schema\/logo\/image\/","url":"","contentUrl":"","caption":"Radon Pro"},"image":{"@id":"https:\/\/radonpro.dk\/en\/#\/schema\/logo\/image\/"}},{"@type":"Person","@id":"https:\/\/radonpro.dk\/en\/#\/schema\/person\/cc1517b1a5dae46586ed85671551ad85","name":"J\u00f8rn Br\u00e4uner","sameAs":["http:\/\/nordicinbound"],"url":"https:\/\/radonpro.dk\/en\/author\/jbr\/"}]}},"_links":{"self":[{"href":"https:\/\/radonpro.dk\/en\/wp-json\/wp\/v2\/posts\/13014","targetHints":{"allow":["GET"]}}],"collection":[{"href":"https:\/\/radonpro.dk\/en\/wp-json\/wp\/v2\/posts"}],"about":[{"href":"https:\/\/radonpro.dk\/en\/wp-json\/wp\/v2\/types\/post"}],"author":[{"embeddable":true,"href":"https:\/\/radonpro.dk\/en\/wp-json\/wp\/v2\/users\/12"}],"replies":[{"embeddable":true,"href":"https:\/\/radonpro.dk\/en\/wp-json\/wp\/v2\/comments?post=13014"}],"version-history":[{"count":17,"href":"https:\/\/radonpro.dk\/en\/wp-json\/wp\/v2\/posts\/13014\/revisions"}],"predecessor-version":[{"id":13748,"href":"https:\/\/radonpro.dk\/en\/wp-json\/wp\/v2\/posts\/13014\/revisions\/13748"}],"wp:featuredmedia":[{"embeddable":true,"href":"https:\/\/radonpro.dk\/en\/wp-json\/wp\/v2\/media\/13298"}],"wp:attachment":[{"href":"https:\/\/radonpro.dk\/en\/wp-json\/wp\/v2\/media?parent=13014"}],"wp:term":[{"taxonomy":"category","embeddable":true,"href":"https:\/\/radonpro.dk\/en\/wp-json\/wp\/v2\/categories?post=13014"},{"taxonomy":"post_tag","embeddable":true,"href":"https:\/\/radonpro.dk\/en\/wp-json\/wp\/v2\/tags?post=13014"}],"curies":[{"name":"wp","href":"https:\/\/api.w.org\/{rel}","templated":true}]}}