{"id":13010,"date":"2020-02-21T23:29:43","date_gmt":"2020-02-21T22:29:43","guid":{"rendered":"https:\/\/radonpro.dk\/?p=13010"},"modified":"2021-03-19T13:12:52","modified_gmt":"2021-03-19T12:12:52","slug":"har-dit-hus-for-meget-af-den-kraeftfremkaldende-stof","status":"publish","type":"post","link":"https:\/\/radonpro.dk\/en\/har-dit-hus-for-meget-af-den-kraeftfremkaldende-stof\/","title":{"rendered":"Har dit hus for meget af den sundhedsskadelige luftart?"},"content":{"rendered":"<h1><span style=\"font-weight: 400;\">WHO har klassificeret Radon som et kr\u00e6ftfremkaldende stof i mennesker, hvilket er den h\u00f8jeste klassifikation.\u00a0<\/span><span style=\"font-weight: 400;\"><br \/>\n<\/span><\/h1>\n<p>WHO &#8211; <a href=\"https:\/\/www.who.int\/\">World Health Organization omkring Radon og sundhedsskadelige luftart!<\/a><\/p>\n<p><span style=\"font-weight: 400;\">Er Radon en sundhedsskadelig luftart? &#8211; Radon er i farlighed p\u00e5 linje med tobaksrygning og r\u00f8ntgen- og gammastr\u00e5ling. Der er st\u00e6rke direkte beviser for, at langvarig uds\u00e6ttelse for Radon &#8211; selv ned til lave niveauer &#8211; \u00f8ger risikoen for lungekr\u00e6ft og muligvis ogs\u00e5 leuk\u00e6mi, der hovedsagelig rammer b\u00f8rn.\u00a0<\/span><\/p>\n<p><span style=\"font-weight: 400;\">Radonforurening m\u00e5les i becquerel pr. kubikmeter luft (Bq\/m\u00b3). Hvis indholdet af Radon i boligen fx er 200 Bq\/ m\u00b3 betyder det, at der i hver kubikmeter af inde luften hvert sekund udsendes radioaktiv str\u00e5ling fra 200 radon-atomer. <\/span><\/p>\n<h4><span style=\"font-weight: 400;\">Gennemsnitligt er radonniveauet i Danmark (kilde: Dingeo):<\/span><\/h4>\n<p><span style=\"font-weight: 400;\">5 Bq\/m\u00b3 udend\u00f8rs <\/span><span style=\"font-weight: 400;\"><br \/>\n<\/span><span style=\"font-weight: 400;\">18 Bq\/m\u00b3 i etageejendomme (lejligheder) <\/span><span style=\"font-weight: 400;\"><br \/>\n<\/span><span style=\"font-weight: 400;\">77 Bq\/m\u00b3 i enfamiliehuse<\/span><\/p>\n<p><span style=\"font-weight: 400;\">Der er dog stor variation i den sundhedsskadelige luftart og radonniveauerne og Sundhedsstyrelsen sk\u00f8nner, at radonniveauet i cirka 350.000 danske enfamiliehuse (20 procent af alle huse) overskrider det niveau, som WHO anbefaler for at undg\u00e5 lungekr\u00e6ft, hvilket vil sige en koncentration der overstiger 100 Becquerel pr. kubikmeter (Bq\/ m\u00b3).<\/span><\/p>\n<p><span style=\"font-weight: 400;\">If\u00f8lge Sundhedsstyrelsen koster Radon i indeklimaet hvert \u00e5r omkring 350 danskere livet. <\/span><span style=\"font-weight: 400;\"><br \/>\n<\/span><span style=\"font-weight: 400;\">I 2016 dr\u00e6bte Radon i indeklimaet n\u00e6sten dobbelt s\u00e5 mange danskere som trafikken.<\/span><span style=\"font-weight: 400;\"><br \/>\n<\/span><span style=\"font-weight: 400;\">P\u00e5 verdensplan ligger d\u00f8dstallet p\u00e5 over 41.000 mennesker om \u00e5ret.<\/span><\/p>\n<p><span style=\"font-weight: 400;\">P\u00e5 radonpro.dk kan du finde en <a href=\"https:\/\/radonpro.dk\/en\/find-radon-pro-partner\/\">Radon Pro Partner i dit lokalomr\u00e5de<\/a>, der m\u00e5ler og afhj\u00e6lper dine Radon- og indeklimaproblemer.<\/span><\/p>\n<p><a href=\"https:\/\/radonpro.dk\/en\/har-dit-hus-for-meget-af-den-kraeftfremkaldende-stof\/\">Her dit hus for meget sundhedsskadelige luftart?<\/a><\/p>\n<p>&nbsp;<\/p>","protected":false},"excerpt":{"rendered":"<p>WHO har klassificeret Radon som et kr\u00e6ftfremkaldende stof i mennesker, hvilket er den h\u00f8jeste klassifikation.\u00a0 WHO &#8211; World Health Organization omkring Radon og sundhedsskadelige luftart! Er Radon en sundhedsskadelig luftart? &#8211; Radon er i farlighed p\u00e5 linje med tobaksrygning og<\/p>","protected":false},"author":12,"featured_media":13296,"comment_status":"closed","ping_status":"closed","sticky":false,"template":"","format":"standard","meta":{"content-type":"","_monsterinsights_skip_tracking":false,"_monsterinsights_sitenote_active":false,"_monsterinsights_sitenote_note":"","_monsterinsights_sitenote_category":0,"footnotes":""},"categories":[244,245],"tags":[],"class_list":["post-13010","post","type-post","status-publish","format-standard","has-post-thumbnail","hentry","category-radon-og-bolig","category-sundhedsskadelig"],"yoast_head":"<!-- This site is optimized with the Yoast SEO plugin v27.4 - https:\/\/yoast.com\/product\/yoast-seo-wordpress\/ -->\n<title>Har dit hus for meget af den sundhedsskadelige luftart? - Radon Pro<\/title>\n<meta name=\"description\" content=\"Radon og sundhedsskadelige luftart er p\u00e5 linje med tobaksrygning og r\u00f8ntgen- og gammastr\u00e5ling. WHO har klassificeret Radon som et\u00a0kr\u00e6ftfremkaldende stof.\" \/>\n<meta name=\"robots\" content=\"index, follow, max-snippet:-1, max-image-preview:large, max-video-preview:-1\" \/>\n<link rel=\"canonical\" href=\"https:\/\/radonpro.dk\/en\/har-dit-hus-for-meget-af-den-kraeftfremkaldende-stof\/\" \/>\n<meta property=\"og:locale\" content=\"en_US\" \/>\n<meta property=\"og:type\" content=\"article\" \/>\n<meta property=\"og:title\" content=\"Har dit hus for meget af den sundhedsskadelige luftart? - Radon Pro\" \/>\n<meta property=\"og:description\" content=\"Radon og sundhedsskadelige luftart er p\u00e5 linje med tobaksrygning og r\u00f8ntgen- og gammastr\u00e5ling. WHO har klassificeret Radon som et\u00a0kr\u00e6ftfremkaldende stof.\" \/>\n<meta property=\"og:url\" content=\"https:\/\/radonpro.dk\/en\/har-dit-hus-for-meget-af-den-kraeftfremkaldende-stof\/\" \/>\n<meta property=\"og:site_name\" content=\"Radon Pro\" \/>\n<meta property=\"article:published_time\" content=\"2020-02-21T22:29:43+00:00\" \/>\n<meta property=\"article:modified_time\" content=\"2021-03-19T12:12:52+00:00\" \/>\n<meta property=\"og:image\" content=\"https:\/\/radonpro.dk\/wp-content\/uploads\/RadonDanmark-scaled.jpg\" \/>\n\t<meta property=\"og:image:width\" content=\"2560\" \/>\n\t<meta property=\"og:image:height\" content=\"1696\" \/>\n\t<meta property=\"og:image:type\" content=\"image\/jpeg\" \/>\n<meta name=\"author\" content=\"J\u00f8rn Br\u00e4uner\" \/>\n<meta name=\"twitter:card\" content=\"summary_large_image\" \/>\n<meta name=\"twitter:label1\" content=\"Written by\" \/>\n\t<meta name=\"twitter:data1\" content=\"J\u00f8rn Br\u00e4uner\" \/>\n\t<meta name=\"twitter:label2\" content=\"Est. reading time\" \/>\n\t<meta name=\"twitter:data2\" content=\"2 minutes\" \/>\n<script type=\"application\/ld+json\" class=\"yoast-schema-graph\">{\"@context\":\"https:\\\/\\\/schema.org\",\"@graph\":[{\"@type\":\"Article\",\"@id\":\"https:\\\/\\\/radonpro.dk\\\/har-dit-hus-for-meget-af-den-kraeftfremkaldende-stof\\\/#article\",\"isPartOf\":{\"@id\":\"https:\\\/\\\/radonpro.dk\\\/har-dit-hus-for-meget-af-den-kraeftfremkaldende-stof\\\/\"},\"author\":{\"name\":\"J\u00f8rn Br\u00e4uner\",\"@id\":\"https:\\\/\\\/radonpro.dk\\\/en\\\/#\\\/schema\\\/person\\\/cc1517b1a5dae46586ed85671551ad85\"},\"headline\":\"Har dit hus for meget af den sundhedsskadelige luftart?\",\"datePublished\":\"2020-02-21T22:29:43+00:00\",\"dateModified\":\"2021-03-19T12:12:52+00:00\",\"mainEntityOfPage\":{\"@id\":\"https:\\\/\\\/radonpro.dk\\\/har-dit-hus-for-meget-af-den-kraeftfremkaldende-stof\\\/\"},\"wordCount\":265,\"publisher\":{\"@id\":\"https:\\\/\\\/radonpro.dk\\\/en\\\/#organization\"},\"image\":{\"@id\":\"https:\\\/\\\/radonpro.dk\\\/har-dit-hus-for-meget-af-den-kraeftfremkaldende-stof\\\/#primaryimage\"},\"thumbnailUrl\":\"https:\\\/\\\/radonpro.dk\\\/wp-content\\\/uploads\\\/RadonDanmark-scaled.jpg\",\"articleSection\":[\"Radon og bolig\",\"sundhedsskadelig\"],\"inLanguage\":\"en-US\"},{\"@type\":\"WebPage\",\"@id\":\"https:\\\/\\\/radonpro.dk\\\/har-dit-hus-for-meget-af-den-kraeftfremkaldende-stof\\\/\",\"url\":\"https:\\\/\\\/radonpro.dk\\\/har-dit-hus-for-meget-af-den-kraeftfremkaldende-stof\\\/\",\"name\":\"Har dit hus for meget af den sundhedsskadelige luftart? - Radon Pro\",\"isPartOf\":{\"@id\":\"https:\\\/\\\/radonpro.dk\\\/en\\\/#website\"},\"primaryImageOfPage\":{\"@id\":\"https:\\\/\\\/radonpro.dk\\\/har-dit-hus-for-meget-af-den-kraeftfremkaldende-stof\\\/#primaryimage\"},\"image\":{\"@id\":\"https:\\\/\\\/radonpro.dk\\\/har-dit-hus-for-meget-af-den-kraeftfremkaldende-stof\\\/#primaryimage\"},\"thumbnailUrl\":\"https:\\\/\\\/radonpro.dk\\\/wp-content\\\/uploads\\\/RadonDanmark-scaled.jpg\",\"datePublished\":\"2020-02-21T22:29:43+00:00\",\"dateModified\":\"2021-03-19T12:12:52+00:00\",\"description\":\"Radon og sundhedsskadelige luftart er p\u00e5 linje med tobaksrygning og r\u00f8ntgen- og gammastr\u00e5ling. WHO har klassificeret Radon som et\u00a0kr\u00e6ftfremkaldende stof.\",\"breadcrumb\":{\"@id\":\"https:\\\/\\\/radonpro.dk\\\/har-dit-hus-for-meget-af-den-kraeftfremkaldende-stof\\\/#breadcrumb\"},\"inLanguage\":\"en-US\",\"potentialAction\":[{\"@type\":\"ReadAction\",\"target\":[\"https:\\\/\\\/radonpro.dk\\\/har-dit-hus-for-meget-af-den-kraeftfremkaldende-stof\\\/\"]}]},{\"@type\":\"ImageObject\",\"inLanguage\":\"en-US\",\"@id\":\"https:\\\/\\\/radonpro.dk\\\/har-dit-hus-for-meget-af-den-kraeftfremkaldende-stof\\\/#primaryimage\",\"url\":\"https:\\\/\\\/radonpro.dk\\\/wp-content\\\/uploads\\\/RadonDanmark-scaled.jpg\",\"contentUrl\":\"https:\\\/\\\/radonpro.dk\\\/wp-content\\\/uploads\\\/RadonDanmark-scaled.jpg\",\"width\":2560,\"height\":1696,\"caption\":\"Gr\u00e6s huse\"},{\"@type\":\"BreadcrumbList\",\"@id\":\"https:\\\/\\\/radonpro.dk\\\/har-dit-hus-for-meget-af-den-kraeftfremkaldende-stof\\\/#breadcrumb\",\"itemListElement\":[{\"@type\":\"ListItem\",\"position\":1,\"name\":\"Hjem\",\"item\":\"https:\\\/\\\/radonpro.dk\\\/\"},{\"@type\":\"ListItem\",\"position\":2,\"name\":\"Har dit hus for meget af den sundhedsskadelige luftart?\"}]},{\"@type\":\"WebSite\",\"@id\":\"https:\\\/\\\/radonpro.dk\\\/en\\\/#website\",\"url\":\"https:\\\/\\\/radonpro.dk\\\/en\\\/\",\"name\":\"Radon Pro\",\"description\":\"Radon Pro\",\"publisher\":{\"@id\":\"https:\\\/\\\/radonpro.dk\\\/en\\\/#organization\"},\"potentialAction\":[{\"@type\":\"SearchAction\",\"target\":{\"@type\":\"EntryPoint\",\"urlTemplate\":\"https:\\\/\\\/radonpro.dk\\\/en\\\/?s={search_term_string}\"},\"query-input\":{\"@type\":\"PropertyValueSpecification\",\"valueRequired\":true,\"valueName\":\"search_term_string\"}}],\"inLanguage\":\"en-US\"},{\"@type\":\"Organization\",\"@id\":\"https:\\\/\\\/radonpro.dk\\\/en\\\/#organization\",\"name\":\"Radon Pro\",\"url\":\"https:\\\/\\\/radonpro.dk\\\/en\\\/\",\"logo\":{\"@type\":\"ImageObject\",\"inLanguage\":\"en-US\",\"@id\":\"https:\\\/\\\/radonpro.dk\\\/en\\\/#\\\/schema\\\/logo\\\/image\\\/\",\"url\":\"\",\"contentUrl\":\"\",\"caption\":\"Radon Pro\"},\"image\":{\"@id\":\"https:\\\/\\\/radonpro.dk\\\/en\\\/#\\\/schema\\\/logo\\\/image\\\/\"}},{\"@type\":\"Person\",\"@id\":\"https:\\\/\\\/radonpro.dk\\\/en\\\/#\\\/schema\\\/person\\\/cc1517b1a5dae46586ed85671551ad85\",\"name\":\"J\u00f8rn Br\u00e4uner\",\"sameAs\":[\"http:\\\/\\\/nordicinbound\"],\"url\":\"https:\\\/\\\/radonpro.dk\\\/en\\\/author\\\/jbr\\\/\"}]}<\/script>\n<!-- \/ Yoast SEO plugin. -->","yoast_head_json":{"title":"Har dit hus for meget af den sundhedsskadelige luftart? - Radon Pro","description":"Radon og sundhedsskadelige luftart er p\u00e5 linje med tobaksrygning og r\u00f8ntgen- og gammastr\u00e5ling. WHO har klassificeret Radon som et\u00a0kr\u00e6ftfremkaldende stof.","robots":{"index":"index","follow":"follow","max-snippet":"max-snippet:-1","max-image-preview":"max-image-preview:large","max-video-preview":"max-video-preview:-1"},"canonical":"https:\/\/radonpro.dk\/en\/har-dit-hus-for-meget-af-den-kraeftfremkaldende-stof\/","og_locale":"en_US","og_type":"article","og_title":"Har dit hus for meget af den sundhedsskadelige luftart? - Radon Pro","og_description":"Radon og sundhedsskadelige luftart er p\u00e5 linje med tobaksrygning og r\u00f8ntgen- og gammastr\u00e5ling. WHO har klassificeret Radon som et\u00a0kr\u00e6ftfremkaldende stof.","og_url":"https:\/\/radonpro.dk\/en\/har-dit-hus-for-meget-af-den-kraeftfremkaldende-stof\/","og_site_name":"Radon Pro","article_published_time":"2020-02-21T22:29:43+00:00","article_modified_time":"2021-03-19T12:12:52+00:00","og_image":[{"width":2560,"height":1696,"url":"https:\/\/radonpro.dk\/wp-content\/uploads\/RadonDanmark-scaled.jpg","type":"image\/jpeg"}],"author":"J\u00f8rn Br\u00e4uner","twitter_card":"summary_large_image","twitter_misc":{"Written by":"J\u00f8rn Br\u00e4uner","Est. reading time":"2 minutes"},"schema":{"@context":"https:\/\/schema.org","@graph":[{"@type":"Article","@id":"https:\/\/radonpro.dk\/har-dit-hus-for-meget-af-den-kraeftfremkaldende-stof\/#article","isPartOf":{"@id":"https:\/\/radonpro.dk\/har-dit-hus-for-meget-af-den-kraeftfremkaldende-stof\/"},"author":{"name":"J\u00f8rn Br\u00e4uner","@id":"https:\/\/radonpro.dk\/en\/#\/schema\/person\/cc1517b1a5dae46586ed85671551ad85"},"headline":"Har dit hus for meget af den sundhedsskadelige luftart?","datePublished":"2020-02-21T22:29:43+00:00","dateModified":"2021-03-19T12:12:52+00:00","mainEntityOfPage":{"@id":"https:\/\/radonpro.dk\/har-dit-hus-for-meget-af-den-kraeftfremkaldende-stof\/"},"wordCount":265,"publisher":{"@id":"https:\/\/radonpro.dk\/en\/#organization"},"image":{"@id":"https:\/\/radonpro.dk\/har-dit-hus-for-meget-af-den-kraeftfremkaldende-stof\/#primaryimage"},"thumbnailUrl":"https:\/\/radonpro.dk\/wp-content\/uploads\/RadonDanmark-scaled.jpg","articleSection":["Radon og bolig","sundhedsskadelig"],"inLanguage":"en-US"},{"@type":"WebPage","@id":"https:\/\/radonpro.dk\/har-dit-hus-for-meget-af-den-kraeftfremkaldende-stof\/","url":"https:\/\/radonpro.dk\/har-dit-hus-for-meget-af-den-kraeftfremkaldende-stof\/","name":"Har dit hus for meget af den sundhedsskadelige luftart? - Radon Pro","isPartOf":{"@id":"https:\/\/radonpro.dk\/en\/#website"},"primaryImageOfPage":{"@id":"https:\/\/radonpro.dk\/har-dit-hus-for-meget-af-den-kraeftfremkaldende-stof\/#primaryimage"},"image":{"@id":"https:\/\/radonpro.dk\/har-dit-hus-for-meget-af-den-kraeftfremkaldende-stof\/#primaryimage"},"thumbnailUrl":"https:\/\/radonpro.dk\/wp-content\/uploads\/RadonDanmark-scaled.jpg","datePublished":"2020-02-21T22:29:43+00:00","dateModified":"2021-03-19T12:12:52+00:00","description":"Radon og sundhedsskadelige luftart er p\u00e5 linje med tobaksrygning og r\u00f8ntgen- og gammastr\u00e5ling. WHO har klassificeret Radon som et\u00a0kr\u00e6ftfremkaldende stof.","breadcrumb":{"@id":"https:\/\/radonpro.dk\/har-dit-hus-for-meget-af-den-kraeftfremkaldende-stof\/#breadcrumb"},"inLanguage":"en-US","potentialAction":[{"@type":"ReadAction","target":["https:\/\/radonpro.dk\/har-dit-hus-for-meget-af-den-kraeftfremkaldende-stof\/"]}]},{"@type":"ImageObject","inLanguage":"en-US","@id":"https:\/\/radonpro.dk\/har-dit-hus-for-meget-af-den-kraeftfremkaldende-stof\/#primaryimage","url":"https:\/\/radonpro.dk\/wp-content\/uploads\/RadonDanmark-scaled.jpg","contentUrl":"https:\/\/radonpro.dk\/wp-content\/uploads\/RadonDanmark-scaled.jpg","width":2560,"height":1696,"caption":"Gr\u00e6s huse"},{"@type":"BreadcrumbList","@id":"https:\/\/radonpro.dk\/har-dit-hus-for-meget-af-den-kraeftfremkaldende-stof\/#breadcrumb","itemListElement":[{"@type":"ListItem","position":1,"name":"Hjem","item":"https:\/\/radonpro.dk\/"},{"@type":"ListItem","position":2,"name":"Har dit hus for meget af den sundhedsskadelige luftart?"}]},{"@type":"WebSite","@id":"https:\/\/radonpro.dk\/en\/#website","url":"https:\/\/radonpro.dk\/en\/","name":"Radon Pro","description":"Radon Pro","publisher":{"@id":"https:\/\/radonpro.dk\/en\/#organization"},"potentialAction":[{"@type":"SearchAction","target":{"@type":"EntryPoint","urlTemplate":"https:\/\/radonpro.dk\/en\/?s={search_term_string}"},"query-input":{"@type":"PropertyValueSpecification","valueRequired":true,"valueName":"search_term_string"}}],"inLanguage":"en-US"},{"@type":"Organization","@id":"https:\/\/radonpro.dk\/en\/#organization","name":"Radon Pro","url":"https:\/\/radonpro.dk\/en\/","logo":{"@type":"ImageObject","inLanguage":"en-US","@id":"https:\/\/radonpro.dk\/en\/#\/schema\/logo\/image\/","url":"","contentUrl":"","caption":"Radon Pro"},"image":{"@id":"https:\/\/radonpro.dk\/en\/#\/schema\/logo\/image\/"}},{"@type":"Person","@id":"https:\/\/radonpro.dk\/en\/#\/schema\/person\/cc1517b1a5dae46586ed85671551ad85","name":"J\u00f8rn Br\u00e4uner","sameAs":["http:\/\/nordicinbound"],"url":"https:\/\/radonpro.dk\/en\/author\/jbr\/"}]}},"_links":{"self":[{"href":"https:\/\/radonpro.dk\/en\/wp-json\/wp\/v2\/posts\/13010","targetHints":{"allow":["GET"]}}],"collection":[{"href":"https:\/\/radonpro.dk\/en\/wp-json\/wp\/v2\/posts"}],"about":[{"href":"https:\/\/radonpro.dk\/en\/wp-json\/wp\/v2\/types\/post"}],"author":[{"embeddable":true,"href":"https:\/\/radonpro.dk\/en\/wp-json\/wp\/v2\/users\/12"}],"replies":[{"embeddable":true,"href":"https:\/\/radonpro.dk\/en\/wp-json\/wp\/v2\/comments?post=13010"}],"version-history":[{"count":12,"href":"https:\/\/radonpro.dk\/en\/wp-json\/wp\/v2\/posts\/13010\/revisions"}],"predecessor-version":[{"id":13749,"href":"https:\/\/radonpro.dk\/en\/wp-json\/wp\/v2\/posts\/13010\/revisions\/13749"}],"wp:featuredmedia":[{"embeddable":true,"href":"https:\/\/radonpro.dk\/en\/wp-json\/wp\/v2\/media\/13296"}],"wp:attachment":[{"href":"https:\/\/radonpro.dk\/en\/wp-json\/wp\/v2\/media?parent=13010"}],"wp:term":[{"taxonomy":"category","embeddable":true,"href":"https:\/\/radonpro.dk\/en\/wp-json\/wp\/v2\/categories?post=13010"},{"taxonomy":"post_tag","embeddable":true,"href":"https:\/\/radonpro.dk\/en\/wp-json\/wp\/v2\/tags?post=13010"}],"curies":[{"name":"wp","href":"https:\/\/api.w.org\/{rel}","templated":true}]}}